{"id":529,"date":"2019-11-01T12:47:43","date_gmt":"2019-11-01T12:47:43","guid":{"rendered":"http:\/\/eichendorffschule-essen.de\/?p=529"},"modified":"2019-11-13T13:09:42","modified_gmt":"2019-11-13T13:09:42","slug":"st-martinsumzug-um-12-11-2019","status":"publish","type":"post","link":"https:\/\/eichendorffschule-essen.de\/?p=529","title":{"rendered":"St. Martins-Umzug am 12.11.2019"},"content":{"rendered":"\n<p><\/p>\n\n\n\n<div class=\"wp-block-media-text alignfull\" style=\"grid-template-columns:13% auto\"><figure class=\"wp-block-media-text__media\"><img loading=\"lazy\" decoding=\"async\" width=\"749\" height=\"1024\" src=\"https:\/\/eichendorffschule-essen.de\/wp-content\/uploads\/2019\/11\/St.Martin1-749x1024.jpg\" alt=\"\" class=\"wp-image-615\"\/><\/figure><div class=\"wp-block-media-text__content\">\n<p class=\"has-normal-font-size\">Am 12.11.2019 findet unser diesj\u00e4hriger St.Martins-Umzug statt. Beide Schulstandorte treffen sich um 17:30 Uhr an der Gememeindekirche St. Antonius-Abbas, um mit leuchtenden Laternen durch Sch\u00f6nebeck zu ziehen. Ziel ist der Schulhof des katholischen Standortes, an dem Kinder, Eltern und G\u00e4ste den Abend bei einem Martinsfeuer, Brezeln und warmen Getr\u00e4nken ausklingen lassen. Wir freuen uns auf euren und Ihren Besuch.<\/p>\n<\/div><\/div>\n\n\n\n<div style=\"height:20px\" aria-hidden=\"true\" class=\"wp-block-spacer\"><\/div>\n\n\n\n<h2 class=\"wp-block-heading\">Impressionen vom Martinszug 2019<\/h2>\n\n\n\n<div style=\"height:20px\" aria-hidden=\"true\" class=\"wp-block-spacer\"><\/div>\n\n\n\n<ul class=\"wp-block-gallery columns-3 is-cropped wp-block-gallery-1 is-layout-flex wp-block-gallery-is-layout-flex\"><li class=\"blocks-gallery-item\"><figure><img loading=\"lazy\" decoding=\"async\" width=\"640\" height=\"480\" src=\"https:\/\/eichendorffschule-essen.de\/wp-content\/uploads\/2019\/11\/DSCN2231.jpeg\" alt=\"\" data-id=\"707\" data-link=\"https:\/\/eichendorffschule-essen.de\/?attachment_id=707\" class=\"wp-image-707\" srcset=\"https:\/\/eichendorffschule-essen.de\/wp-content\/uploads\/2019\/11\/DSCN2231.jpeg 640w, https:\/\/eichendorffschule-essen.de\/wp-content\/uploads\/2019\/11\/DSCN2231-300x225.jpeg 300w\" sizes=\"auto, (max-width: 640px) 100vw, 640px\" \/><\/figure><\/li><li class=\"blocks-gallery-item\"><figure><img loading=\"lazy\" decoding=\"async\" width=\"640\" height=\"480\" src=\"https:\/\/eichendorffschule-essen.de\/wp-content\/uploads\/2019\/11\/DSCN2229.jpeg\" alt=\"\" data-id=\"706\" data-link=\"https:\/\/eichendorffschule-essen.de\/?attachment_id=706\" class=\"wp-image-706\" srcset=\"https:\/\/eichendorffschule-essen.de\/wp-content\/uploads\/2019\/11\/DSCN2229.jpeg 640w, https:\/\/eichendorffschule-essen.de\/wp-content\/uploads\/2019\/11\/DSCN2229-300x225.jpeg 300w\" sizes=\"auto, (max-width: 640px) 100vw, 640px\" \/><\/figure><\/li><li class=\"blocks-gallery-item\"><figure><img loading=\"lazy\" decoding=\"async\" width=\"640\" height=\"480\" src=\"https:\/\/eichendorffschule-essen.de\/wp-content\/uploads\/2019\/11\/DSCN2226.jpeg\" alt=\"\" data-id=\"705\" data-link=\"https:\/\/eichendorffschule-essen.de\/?attachment_id=705\" class=\"wp-image-705\" srcset=\"https:\/\/eichendorffschule-essen.de\/wp-content\/uploads\/2019\/11\/DSCN2226.jpeg 640w, https:\/\/eichendorffschule-essen.de\/wp-content\/uploads\/2019\/11\/DSCN2226-300x225.jpeg 300w\" sizes=\"auto, (max-width: 640px) 100vw, 640px\" \/><\/figure><\/li><li class=\"blocks-gallery-item\"><figure><img loading=\"lazy\" decoding=\"async\" width=\"640\" height=\"480\" src=\"https:\/\/eichendorffschule-essen.de\/wp-content\/uploads\/2019\/11\/DSCN2224.jpeg\" alt=\"\" data-id=\"704\" data-link=\"https:\/\/eichendorffschule-essen.de\/?attachment_id=704\" class=\"wp-image-704\" srcset=\"https:\/\/eichendorffschule-essen.de\/wp-content\/uploads\/2019\/11\/DSCN2224.jpeg 640w, https:\/\/eichendorffschule-essen.de\/wp-content\/uploads\/2019\/11\/DSCN2224-300x225.jpeg 300w\" sizes=\"auto, (max-width: 640px) 100vw, 640px\" \/><\/figure><\/li><li class=\"blocks-gallery-item\"><figure><img loading=\"lazy\" decoding=\"async\" width=\"480\" height=\"640\" src=\"https:\/\/eichendorffschule-essen.de\/wp-content\/uploads\/2019\/11\/DSCN2210.jpeg\" alt=\"\" data-id=\"703\" data-link=\"https:\/\/eichendorffschule-essen.de\/?attachment_id=703\" class=\"wp-image-703\" srcset=\"https:\/\/eichendorffschule-essen.de\/wp-content\/uploads\/2019\/11\/DSCN2210.jpeg 480w, https:\/\/eichendorffschule-essen.de\/wp-content\/uploads\/2019\/11\/DSCN2210-225x300.jpeg 225w\" sizes=\"auto, (max-width: 480px) 100vw, 480px\" \/><\/figure><\/li><\/ul>\n","protected":false},"excerpt":{"rendered":"<p>Am 12.11.2019 findet unser diesj\u00e4hriger St.Martins-Umzug statt. Beide Schulstandorte treffen sich um 17:30 Uhr an der Gememeindekirche St. Antonius-Abbas, um mit leuchtenden Laternen durch Sch\u00f6nebeck zu ziehen. Ziel ist der Schulhof des katholischen Standortes, an dem Kinder, Eltern und G\u00e4ste den Abend bei einem Martinsfeuer, Brezeln und warmen Getr\u00e4nken ausklingen lassen. Wir freuen uns auf <a class=\"read-more\" href=\"https:\/\/eichendorffschule-essen.de\/?p=529\">READ MORE<\/a><\/p>\n","protected":false},"author":1,"featured_media":0,"comment_status":"closed","ping_status":"closed","sticky":false,"template":"","format":"standard","meta":{"footnotes":""},"categories":[1],"tags":[],"class_list":["post-529","post","type-post","status-publish","format-standard","hentry","category-uncategorized"],"_links":{"self":[{"href":"https:\/\/eichendorffschule-essen.de\/index.php?rest_route=\/wp\/v2\/posts\/529","targetHints":{"allow":["GET"]}}],"collection":[{"href":"https:\/\/eichendorffschule-essen.de\/index.php?rest_route=\/wp\/v2\/posts"}],"about":[{"href":"https:\/\/eichendorffschule-essen.de\/index.php?rest_route=\/wp\/v2\/types\/post"}],"author":[{"embeddable":true,"href":"https:\/\/eichendorffschule-essen.de\/index.php?rest_route=\/wp\/v2\/users\/1"}],"replies":[{"embeddable":true,"href":"https:\/\/eichendorffschule-essen.de\/index.php?rest_route=%2Fwp%2Fv2%2Fcomments&post=529"}],"version-history":[{"count":10,"href":"https:\/\/eichendorffschule-essen.de\/index.php?rest_route=\/wp\/v2\/posts\/529\/revisions"}],"predecessor-version":[{"id":714,"href":"https:\/\/eichendorffschule-essen.de\/index.php?rest_route=\/wp\/v2\/posts\/529\/revisions\/714"}],"wp:attachment":[{"href":"https:\/\/eichendorffschule-essen.de\/index.php?rest_route=%2Fwp%2Fv2%2Fmedia&parent=529"}],"wp:term":[{"taxonomy":"category","embeddable":true,"href":"https:\/\/eichendorffschule-essen.de\/index.php?rest_route=%2Fwp%2Fv2%2Fcategories&post=529"},{"taxonomy":"post_tag","embeddable":true,"href":"https:\/\/eichendorffschule-essen.de\/index.php?rest_route=%2Fwp%2Fv2%2Ftags&post=529"}],"curies":[{"name":"wp","href":"https:\/\/api.w.org\/{rel}","templated":true}]}}