{"id":3404,"date":"2021-09-29T17:53:28","date_gmt":"2021-09-29T17:53:28","guid":{"rendered":"https:\/\/eichendorffschule-essen.de\/?p=3404"},"modified":"2021-09-29T17:53:28","modified_gmt":"2021-09-29T17:53:28","slug":"elternbrief-vom-29-09-2021-fruehbetreuung-am-standort-eichendorffschule","status":"publish","type":"post","link":"https:\/\/eichendorffschule-essen.de\/?p=3404","title":{"rendered":"Elternbrief vom 29.09.2021: Fr\u00fchbetreuung am Standort Eichendorffschule"},"content":{"rendered":"\n<p class=\"has-text-align-right\">Essen, 29.09.2021<\/p>\n\n\n\n<p>Liebe Eltern,<\/p>\n\n\n\n<p>ich wende mich noch einmal mit dem Thema \u201eFr\u00fchbetreuung\u201c an Sie, da wir festgestellt haben, dass dazu wohl noch weitere, zus\u00e4tzliche Informationen erforderlich sind:<\/p>\n\n\n\n<p>Die Fr\u00fchbetreuung steht bei Bedarf allen Kindern am Standort Hei\u00dfener Stra\u00dfe 74&nbsp;<strong>kostenfrei<\/strong>&nbsp;zur Verf\u00fcgung.<\/p>\n\n\n\n<ul class=\"wp-block-list\"><li>Eine&nbsp;<strong>verbindliche Anmeldung<\/strong>&nbsp;hierzu ist ab diesem Schuljahr zwingend&nbsp;<strong>erforderlich<\/strong>, damit wir der Aufsichtpflicht nachkommen k\u00f6nnen.&nbsp;<\/li><\/ul>\n\n\n\n<ul class=\"wp-block-list\"><li>Wenn Sie Ihr Kind verbindlich angemeldet haben, gehen wir davon aus, dass es regelm\u00e4\u00dfig kommt.&nbsp;<\/li><\/ul>\n\n\n\n<ul class=\"wp-block-list\"><li>Wenn Ihr Kind kurzfristig nicht zur Fr\u00fchbetreuung kommen kann\/soll, melden Sie es bitte zwischen&nbsp;<strong>7.00 \u2013 7.30 Uhr<\/strong>&nbsp;unter<strong>0201\/8659021<\/strong>&nbsp;ab.<\/li><\/ul>\n\n\n\n<ul class=\"wp-block-list\"><li>Ben\u00f6tigen Sie regelm\u00e4\u00dfig eine Betreuung ab 8.00 Uhr (z. B. an den Tagen, an dem F\u00f6rderunterricht stattfindet), teilen Sie uns dieses bitte unter \u201eBemerkungen\u201c mit.<\/li><\/ul>\n\n\n\n<p>Bitte geben Sie, sofern f\u00fcr Ihr Kind Fr\u00fchbetreuungsbedarf besteht, den unteren Abschnitt (als Download verf\u00fcgbar) ausgef\u00fcllt bis\u00a0<strong>Dienstag, 05.10.2021<\/strong>, zur Schule zur\u00fcck, damit wir alle teilnehmenden Kinder erfassen k\u00f6nnen.<\/p>\n\n\n\n<p>Kinder, f\u00fcr die keine verbindliche Anmeldung zur Fr\u00fchbetreuung vorliegt, k\u00f6nnen nicht betreut werden!<\/p>\n\n\n\n<p>Herzlichen Dank f\u00fcr Ihr Verst\u00e4ndnis.<\/p>\n\n\n\n<p>Mit freundlichen Gr\u00fc\u00dfen<\/p>\n\n\n\n<p>S. Freitag<\/p>\n\n\n\n<div class=\"wp-block-file\"><a href=\"https:\/\/eichendorffschule-essen.de\/wp-content\/uploads\/2021\/09\/Fruehbetreuung-29.09.21.docx\"><strong>R\u00fcckabschnitt Fruehbetreuung<\/strong><\/a><a href=\"https:\/\/eichendorffschule-essen.de\/wp-content\/uploads\/2021\/09\/Fruehbetreuung-29.09.21.docx\" class=\"wp-block-file__button\" download>Herunterladen<\/a><\/div>\n\n\n\n<p><\/p>\n","protected":false},"excerpt":{"rendered":"<p>Essen, 29.09.2021 Liebe Eltern, ich wende mich noch einmal mit dem Thema \u201eFr\u00fchbetreuung\u201c an Sie, da wir festgestellt haben, dass dazu wohl noch weitere, zus\u00e4tzliche Informationen erforderlich sind: Die Fr\u00fchbetreuung steht bei Bedarf allen Kindern am Standort Hei\u00dfener Stra\u00dfe 74&nbsp;kostenfrei&nbsp;zur Verf\u00fcgung. Eine&nbsp;verbindliche Anmeldung&nbsp;hierzu ist ab diesem Schuljahr zwingend&nbsp;erforderlich, damit wir der Aufsichtpflicht nachkommen k\u00f6nnen.&nbsp; Wenn <a class=\"read-more\" href=\"https:\/\/eichendorffschule-essen.de\/?p=3404\">READ MORE<\/a><\/p>\n","protected":false},"author":1,"featured_media":0,"comment_status":"closed","ping_status":"closed","sticky":false,"template":"","format":"standard","meta":{"footnotes":""},"categories":[1],"tags":[],"class_list":["post-3404","post","type-post","status-publish","format-standard","hentry","category-uncategorized"],"_links":{"self":[{"href":"https:\/\/eichendorffschule-essen.de\/index.php?rest_route=\/wp\/v2\/posts\/3404","targetHints":{"allow":["GET"]}}],"collection":[{"href":"https:\/\/eichendorffschule-essen.de\/index.php?rest_route=\/wp\/v2\/posts"}],"about":[{"href":"https:\/\/eichendorffschule-essen.de\/index.php?rest_route=\/wp\/v2\/types\/post"}],"author":[{"embeddable":true,"href":"https:\/\/eichendorffschule-essen.de\/index.php?rest_route=\/wp\/v2\/users\/1"}],"replies":[{"embeddable":true,"href":"https:\/\/eichendorffschule-essen.de\/index.php?rest_route=%2Fwp%2Fv2%2Fcomments&post=3404"}],"version-history":[{"count":1,"href":"https:\/\/eichendorffschule-essen.de\/index.php?rest_route=\/wp\/v2\/posts\/3404\/revisions"}],"predecessor-version":[{"id":3406,"href":"https:\/\/eichendorffschule-essen.de\/index.php?rest_route=\/wp\/v2\/posts\/3404\/revisions\/3406"}],"wp:attachment":[{"href":"https:\/\/eichendorffschule-essen.de\/index.php?rest_route=%2Fwp%2Fv2%2Fmedia&parent=3404"}],"wp:term":[{"taxonomy":"category","embeddable":true,"href":"https:\/\/eichendorffschule-essen.de\/index.php?rest_route=%2Fwp%2Fv2%2Fcategories&post=3404"},{"taxonomy":"post_tag","embeddable":true,"href":"https:\/\/eichendorffschule-essen.de\/index.php?rest_route=%2Fwp%2Fv2%2Ftags&post=3404"}],"curies":[{"name":"wp","href":"https:\/\/api.w.org\/{rel}","templated":true}]}}