{"id":2409,"date":"2020-08-05T13:36:45","date_gmt":"2020-08-05T13:36:45","guid":{"rendered":"http:\/\/eichendorffschule-essen.de\/?p=2409"},"modified":"2020-08-10T15:11:07","modified_gmt":"2020-08-10T15:11:07","slug":"ablauf-der-einschulungsfeiern-am-13-08-2020","status":"publish","type":"post","link":"https:\/\/eichendorffschule-essen.de\/?p=2409","title":{"rendered":"Ablauf der Einschulungsfeiern am 13.08.2020"},"content":{"rendered":"\n<p>Liebe Eltern der Schulanf\u00e4nger 2020\/21,<\/p>\n\n\n\n<p>der gro\u00dfe Tag der Einschulung naht und endlich k\u00f6nnen wir Sie \u00fcber den <strong>Ablauf der Einschulungsfeier<\/strong> informieren.<\/p>\n\n\n\n<p>Grunds\u00e4tzlich gilt f\u00fcr alle Beteiligten, auch f\u00fcr die Kinder, dass auf den Schulh\u00f6fen und im Geb\u00e4ude Maskenpflicht vorgeschrieben ist.<\/p>\n\n\n\n<p>Damit m\u00f6glichst jedes Kind von <strong>2 Erwachsenen<\/strong> begleitet werden kann, werden alle Kinder am <strong>Donnerstag, den 13. August<\/strong> &nbsp;klassenweise eingeschult:<\/p>\n\n\n\n<ul class=\"wp-block-list\"><li><strong>Klasse 1a<\/strong> (Eichendorffschule \u2013 Klassenlehrerin Frau Drewitz) : <strong>9.00 Uhr \u2013 10.00 Uhr<\/strong> Einschulungsfeier auf dem Schulhof, anschlie\u00dfend <strong>Unterricht bis 11.00 Uhr.<\/strong><\/li><li><strong>Klasse 1b<\/strong> (Eichendorffschule \u2013 Klassenlehrerin Frau Pr\u00fcnte ) : <strong>10.30 Uhr- 11.30 Uhr<\/strong> &nbsp;Einschulungsfeier auf dem Schulhof, anschlie\u00dfend <strong>Unterricht bis 12.30 Uhr.<\/strong><\/li><\/ul>\n\n\n\n<p>Ein Gottesdienst f\u00fcr die Eichendorffschule ist aufgrund der Klassengr\u00f6\u00dfen nicht m\u00f6glich. Deswegen wird Pastor Brengelmann die Kinder auf dem Schulhof segnen.<\/p>\n\n\n\n<ul class=\"wp-block-list\"><li><strong>Klassen 1c und 1d<\/strong> &nbsp;(Rote Schule \u2013 Klassenlehrerinnen Frau Broer und Frau Hillebrand): <strong>9.00 Uhr- 10.00 Uhr<\/strong> Einschulungsfeier auf dem Schulhof, anschlie\u00dfend <strong>Unterricht bis 11.00 Uhr<\/strong>.<\/li><\/ul>\n\n\n\n<p>F\u00fcr die Familien der Roten Schule findet um 11.15 Uhr ein Gottesdienst in der Matth\u00e4uskirche statt. Die Teilnahme an diesem Gottesdienst ist freiwillig.<\/p>\n\n\n\n<p>Wir bitten alle Erwachsenen, w\u00e4hrend des Unterrichts den Schulhof zu verlassen, damit die Abst\u00e4nde eingehalten werden k\u00f6nnen.<\/p>\n\n\n\n<p>Bitte beachten Sie &nbsp;in den n\u00e4chsten Tagen die neuen Informationen auf unserer homepage.<\/p>\n\n\n\n<p>Auch wenn die Umst\u00e4nde anders als in den Jahren zuvor sind, freuen wir alle uns auf diesen besonderen Tag und w\u00fcnschen allen Familien bis dahin noch erholsame Ferien.<\/p>\n\n\n\n<p>Viele Gr\u00fc\u00dfe von unserem Team<\/p>\n\n\n\n<p>Ihre M. Zuhorn und S. Freitag<\/p>\n","protected":false},"excerpt":{"rendered":"<p>Liebe Eltern der Schulanf\u00e4nger 2020\/21, der gro\u00dfe Tag der Einschulung naht und endlich k\u00f6nnen wir Sie \u00fcber den Ablauf der Einschulungsfeier informieren. Grunds\u00e4tzlich gilt f\u00fcr alle Beteiligten, auch f\u00fcr die Kinder, dass auf den Schulh\u00f6fen und im Geb\u00e4ude Maskenpflicht vorgeschrieben ist. Damit m\u00f6glichst jedes Kind von 2 Erwachsenen begleitet werden kann, werden alle Kinder am <a class=\"read-more\" href=\"https:\/\/eichendorffschule-essen.de\/?p=2409\">READ MORE<\/a><\/p>\n","protected":false},"author":1,"featured_media":0,"comment_status":"closed","ping_status":"closed","sticky":false,"template":"","format":"standard","meta":{"footnotes":""},"categories":[1],"tags":[],"class_list":["post-2409","post","type-post","status-publish","format-standard","hentry","category-uncategorized"],"_links":{"self":[{"href":"https:\/\/eichendorffschule-essen.de\/index.php?rest_route=\/wp\/v2\/posts\/2409","targetHints":{"allow":["GET"]}}],"collection":[{"href":"https:\/\/eichendorffschule-essen.de\/index.php?rest_route=\/wp\/v2\/posts"}],"about":[{"href":"https:\/\/eichendorffschule-essen.de\/index.php?rest_route=\/wp\/v2\/types\/post"}],"author":[{"embeddable":true,"href":"https:\/\/eichendorffschule-essen.de\/index.php?rest_route=\/wp\/v2\/users\/1"}],"replies":[{"embeddable":true,"href":"https:\/\/eichendorffschule-essen.de\/index.php?rest_route=%2Fwp%2Fv2%2Fcomments&post=2409"}],"version-history":[{"count":4,"href":"https:\/\/eichendorffschule-essen.de\/index.php?rest_route=\/wp\/v2\/posts\/2409\/revisions"}],"predecessor-version":[{"id":2465,"href":"https:\/\/eichendorffschule-essen.de\/index.php?rest_route=\/wp\/v2\/posts\/2409\/revisions\/2465"}],"wp:attachment":[{"href":"https:\/\/eichendorffschule-essen.de\/index.php?rest_route=%2Fwp%2Fv2%2Fmedia&parent=2409"}],"wp:term":[{"taxonomy":"category","embeddable":true,"href":"https:\/\/eichendorffschule-essen.de\/index.php?rest_route=%2Fwp%2Fv2%2Fcategories&post=2409"},{"taxonomy":"post_tag","embeddable":true,"href":"https:\/\/eichendorffschule-essen.de\/index.php?rest_route=%2Fwp%2Fv2%2Ftags&post=2409"}],"curies":[{"name":"wp","href":"https:\/\/api.w.org\/{rel}","templated":true}]}}