{"id":1549,"date":"2020-03-27T11:21:32","date_gmt":"2020-03-27T11:21:32","guid":{"rendered":"http:\/\/eichendorffschule-essen.de\/?p=1549"},"modified":"2020-03-27T11:54:26","modified_gmt":"2020-03-27T11:54:26","slug":"elternbrief-der-ministerin","status":"publish","type":"post","link":"https:\/\/eichendorffschule-essen.de\/?p=1549","title":{"rendered":"Elternbrief der Ministerin vom 27.3.2020"},"content":{"rendered":"\n<p><\/p>\n\n\n\n<p>&nbsp;Liebe Eltern,&nbsp;<\/p>\n\n\n\n<p>die aktuelle Situation stellt uns alle vor gro\u00dfe und noch nie da gewesene Herausforderungen \u2013 gerade auch Familien mit Kindern. Alle Menschen in Nordrhein-Westfalen sind aufgerufen, soziale Kontakte soweit wie m\u00f6glich zu reduzieren. Infektionsketten, die zu einer weiteren, schnellen Verbreitung des Corona-Virus f\u00fchren k\u00f6nnen, m\u00fcssen unterbrochen werden. Im \u00f6ffentlichen Raum d\u00fcrfen nicht mehr als zwei Personen zusammen unterwegs sein, Ausnahmen gelten nur f\u00fcr die eigene Familie. Die Einstellung des regul\u00e4ren Schulbetriebes, die Beschr\u00e4nkung der Freizeitm\u00f6glichkeiten und der Bewegungsfreiheit sind besonders f\u00fcr Kinder und Jugendliche gro\u00dfe Einschnitte. Sie verbringen nun viel Zeit zu Hause, ohne die gewohnten Strukturen, Abl\u00e4ufe und Besch\u00e4ftigungsm\u00f6glichkeiten.&nbsp;<\/p>\n\n\n\n<p>In den Schulen findet derzeit nur eine Notbetreuung statt, die seit dem 23.03.2020 auch am Wochenende und in den Osterferien ge\u00f6ffnet bleiben wird. Diese Notbetreuung steht f\u00fcr Kinder bereit, deren Eltern in Bereichen der so genannten \u201ekritischen Infrastruktur\u201c arbeiten. Dazu ist eine Bescheinigung des jeweiligen Arbeitgebers n\u00f6tig.&nbsp;<\/p>\n\n\n\n<p>In der Notbetreuung werden Sch\u00fclerinnen und Sch\u00fcler bis Klasse 6 in kleinen Gruppen von Lehrerinnen und Lehrern und anderem p\u00e4dagogischen Personal im Landesdienst der eigenen Schule sowie vom Personal des Ganztagstr\u00e4gers betreut. In der Notbetreuung findet kein Unterricht statt, sondern werden andere Angebote zur Besch\u00e4ftigung, nach M\u00f6glichkeit auch zur Bewegung der Sch\u00fclerinnen und Sch\u00fcler unterbreitet.&nbsp;<\/p>\n\n\n\n<p>Die Notbetreuung ist wichtig, damit \u00c4rztinnen und \u00c4rzte, Krankenschwestern und Krankenpfleger, Personal in der Altenpflege, Lebensmittel-Verk\u00e4uferinnen und Verk\u00e4ufer und andere wichtige Berufsgruppen weiterhin ihrer Arbeit im Interesse der gesamten Gesellschaft nachgehen k\u00f6nnen.&nbsp;<\/p>\n\n\n\n<p>Ich m\u00f6chte Sie herzlich bitten, mit diesen Regelungen bewusst und verantwortungsvoll umzugehen. Diesen Appell richte ich auch an alle Arbeitgeberinnen und Arbeitgeber. Wo immer es geht, sollte es Eltern erm\u00f6glicht werden, von zu Hause aus zu arbeiten, damit die Kolleginnen und Kollegen in der Notbetreuung nicht \u00fcberfordert werden. Bitte achten Sie strengstens darauf, dass Ihre Kinder au\u00dferhalb der Notbetreuung keine weiteren Kontakte \u00fcber den eigenen Haushalt hinaus haben. Auch f\u00fcr das Angebot der Notbetreuung gilt: Je effektiver wir Infektionsketten unterbrechen k\u00f6nnen, desto besser ist es.&nbsp;<\/p>\n\n\n\n<p>Die Organisation der Notbetreuung stellt auch unsere Schulen vor organisatorische Herausforderungen. Alle Kinder und Jugendlichen, alle Lehrkr\u00e4fte und anderes p\u00e4dagogisches Personal, alle Mitarbeiterinnen und Mitarbeiter der Ganztagstr\u00e4ger sollen in der Notbetreuung sichere Bedingungen vorfinden, damit es auch hier m\u00f6glichst nicht zu weiteren Ansteckungen kommt. Auch deshalb ist ein verantwortungsvoller Umgang mit der Nutzung dieses Angebotes n\u00f6tig.&nbsp;<\/p>\n\n\n\n<p>Die Schultr\u00e4ger werden die erforderlichen Hygienema\u00dfnahmen ergreifen. Die genutzten Schulr\u00e4ume werden regelm\u00e4\u00dfig gereinigt.&nbsp;Ich bin den Lehrkr\u00e4ften und dem Personal der Ganztagstr\u00e4ger und der Betreuungsangebote f\u00fcr den gro\u00dfen Einsatz sehr dankbar!&nbsp;<\/p>\n\n\n\n<p>Und auch Ihnen, liebe Eltern, m\u00f6chte ich f\u00fcr Ihre Flexibilit\u00e4t und Ihre Bereitschaft, sich auf die f\u00fcr Sie oftmals schwierige Situation einzustellen, herzlich danken. Und ich m\u00f6chte Sie auch um Ihr Verst\u00e4ndnis bitten, dass wir Ma\u00dfnahmen und Regelungen st\u00e4ndig pr\u00fcfen und anpassen m\u00fcssen. Diese besondere Situation fordert uns alle heraus und wir werden sie nur gemeinsam bew\u00e4ltigen. Wir brauchen Vernunft, Solidarit\u00e4t und Gemeinschaftssinn, um diese Situation zu meistern. Seite 3 von 3&nbsp;<\/p>\n\n\n\n<p>Gespr\u00e4che in der Familie, gegenseitiges Verst\u00e4ndnis f\u00fcr die Sorgen und N\u00f6te der Familienmitglieder k\u00f6nnen helfen, diese Ausnahmesituation zusammen zu bew\u00e4ltigen.&nbsp;<\/p>\n\n\n\n<p>Ich w\u00fcnsche Ihnen und Ihren Familien alles Gute! Bleiben Sie gesund!&nbsp;<\/p>\n\n\n\n<p>Ihre&nbsp;<\/p>\n\n\n\n<p>Yvonne Gebauer&nbsp;<\/p>\n\n\n\n<p><\/p>\n\n\n\n<p><\/p>\n\n\n\n<div class=\"wp-block-file\"><a href=\"https:\/\/eichendorffschule-essen.de\/wp-content\/uploads\/2020\/03\/200327_Elternbrief-der-Ministerin.pdf\">Elternbrief der Ministerin<\/a><a href=\"https:\/\/eichendorffschule-essen.de\/wp-content\/uploads\/2020\/03\/200327_Elternbrief-der-Ministerin.pdf\" class=\"wp-block-file__button\" download>Herunterladen<\/a><\/div>\n","protected":false},"excerpt":{"rendered":"<p>&nbsp;Liebe Eltern,&nbsp; die aktuelle Situation stellt uns alle vor gro\u00dfe und noch nie da gewesene Herausforderungen \u2013 gerade auch Familien mit Kindern. Alle Menschen in Nordrhein-Westfalen sind aufgerufen, soziale Kontakte soweit wie m\u00f6glich zu reduzieren. Infektionsketten, die zu einer weiteren, schnellen Verbreitung des Corona-Virus f\u00fchren k\u00f6nnen, m\u00fcssen unterbrochen werden. Im \u00f6ffentlichen Raum d\u00fcrfen nicht mehr <a class=\"read-more\" href=\"https:\/\/eichendorffschule-essen.de\/?p=1549\">READ MORE<\/a><\/p>\n","protected":false},"author":1,"featured_media":0,"comment_status":"closed","ping_status":"closed","sticky":false,"template":"","format":"standard","meta":{"footnotes":""},"categories":[1],"tags":[],"class_list":["post-1549","post","type-post","status-publish","format-standard","hentry","category-uncategorized"],"_links":{"self":[{"href":"https:\/\/eichendorffschule-essen.de\/index.php?rest_route=\/wp\/v2\/posts\/1549","targetHints":{"allow":["GET"]}}],"collection":[{"href":"https:\/\/eichendorffschule-essen.de\/index.php?rest_route=\/wp\/v2\/posts"}],"about":[{"href":"https:\/\/eichendorffschule-essen.de\/index.php?rest_route=\/wp\/v2\/types\/post"}],"author":[{"embeddable":true,"href":"https:\/\/eichendorffschule-essen.de\/index.php?rest_route=\/wp\/v2\/users\/1"}],"replies":[{"embeddable":true,"href":"https:\/\/eichendorffschule-essen.de\/index.php?rest_route=%2Fwp%2Fv2%2Fcomments&post=1549"}],"version-history":[{"count":3,"href":"https:\/\/eichendorffschule-essen.de\/index.php?rest_route=\/wp\/v2\/posts\/1549\/revisions"}],"predecessor-version":[{"id":1576,"href":"https:\/\/eichendorffschule-essen.de\/index.php?rest_route=\/wp\/v2\/posts\/1549\/revisions\/1576"}],"wp:attachment":[{"href":"https:\/\/eichendorffschule-essen.de\/index.php?rest_route=%2Fwp%2Fv2%2Fmedia&parent=1549"}],"wp:term":[{"taxonomy":"category","embeddable":true,"href":"https:\/\/eichendorffschule-essen.de\/index.php?rest_route=%2Fwp%2Fv2%2Fcategories&post=1549"},{"taxonomy":"post_tag","embeddable":true,"href":"https:\/\/eichendorffschule-essen.de\/index.php?rest_route=%2Fwp%2Fv2%2Ftags&post=1549"}],"curies":[{"name":"wp","href":"https:\/\/api.w.org\/{rel}","templated":true}]}}